{"id":9886,"date":"2025-01-28T17:32:29","date_gmt":"2025-01-28T16:32:29","guid":{"rendered":"http:\/\/www.semlh-morbihan.fr\/wordpress\/?p=9886"},"modified":"2025-03-14T17:39:59","modified_gmt":"2025-03-14T16:39:59","slug":"passation-de-pouvoir-au-comite-du-pays-de-vannes","status":"publish","type":"post","link":"http:\/\/www.semlh-morbihan.fr\/wordpress\/2025\/01\/28\/passation-de-pouvoir-au-comite-du-pays-de-vannes\/","title":{"rendered":"Passation de pouvoir au comit\u00e9 du pays de Vannes"},"content":{"rendered":"<p>Lors de la derni\u00e8re assembl\u00e9e du comit\u00e9 du pays de Vannes, M; Bruno Bodard passe le relais \u00e0 la nouvelle pr\u00e9sidente, Mme Anne-Marie Duro<\/p>\n<figure id=\"attachment_9887\" aria-describedby=\"caption-attachment-9887\" style=\"width: 600px\" class=\"wp-caption aligncenter\"><img loading=\"lazy\" decoding=\"async\" class=\"size-medium wp-image-9887\" src=\"http:\/\/www.semlh-morbihan.fr\/wordpress\/wp-content\/uploads\/2025\/02\/passation-de-pouvoir-600x450.jpg\" alt=\"\" width=\"600\" height=\"450\" \/><figcaption id=\"caption-attachment-9887\" class=\"wp-caption-text\">de gauche \u00e0 droite : Mme Anne-Marie Duro, M. Bruno Bodard<\/figcaption><\/figure>\n<p>&nbsp;<\/p>\n<p style=\"text-align: center;\">\u00e0 cette occasion, Bruno Bodard s&rsquo;est vu remettre par le pr\u00e9sident de section, le nouveau livre sur la l\u00e9gion d&rsquo;<\/p>\n<figure id=\"attachment_9919\" aria-describedby=\"caption-attachment-9919\" style=\"width: 600px\" class=\"wp-caption aligncenter\"><img loading=\"lazy\" decoding=\"async\" class=\"size-medium wp-image-9919\" src=\"http:\/\/www.semlh-morbihan.fr\/wordpress\/wp-content\/uploads\/2025\/01\/IMG_6824-600x484.jpg\" alt=\"\" width=\"600\" height=\"484\" srcset=\"http:\/\/www.semlh-morbihan.fr\/wordpress\/wp-content\/uploads\/2025\/01\/IMG_6824-600x484.jpg 600w, http:\/\/www.semlh-morbihan.fr\/wordpress\/wp-content\/uploads\/2025\/01\/IMG_6824-1024x826.jpg 1024w, http:\/\/www.semlh-morbihan.fr\/wordpress\/wp-content\/uploads\/2025\/01\/IMG_6824-768x620.jpg 768w, http:\/\/www.semlh-morbihan.fr\/wordpress\/wp-content\/uploads\/2025\/01\/IMG_6824-1536x1239.jpg 1536w, http:\/\/www.semlh-morbihan.fr\/wordpress\/wp-content\/uploads\/2025\/01\/IMG_6824-2048x1652.jpg 2048w, http:\/\/www.semlh-morbihan.fr\/wordpress\/wp-content\/uploads\/2025\/01\/IMG_6824-1218x983.jpg 1218w\" sizes=\"auto, (max-width: 600px) 100vw, 600px\" \/><figcaption id=\"caption-attachment-9919\" class=\"wp-caption-text\">\u00a0 \u00a0 \u00a0 \u00a0 \u00a0 \u00a0 \u00a0 \u00a0remise du livre sur l&rsquo;historique de la SMLH par le pr\u00e9sident \u00e0 Bruno Bodard<\/figcaption><\/figure>\n<p>&nbsp;<\/p>\n<p>&nbsp;<\/p>\n<figure id=\"attachment_9889\" aria-describedby=\"caption-attachment-9889\" style=\"width: 600px\" class=\"wp-caption aligncenter\"><img loading=\"lazy\" decoding=\"async\" class=\"size-medium wp-image-9889\" src=\"http:\/\/www.semlh-morbihan.fr\/wordpress\/wp-content\/uploads\/2025\/01\/bureau-comite-600x430.jpg\" alt=\"\" width=\"600\" height=\"430\" srcset=\"http:\/\/www.semlh-morbihan.fr\/wordpress\/wp-content\/uploads\/2025\/01\/bureau-comite-600x430.jpg 600w, http:\/\/www.semlh-morbihan.fr\/wordpress\/wp-content\/uploads\/2025\/01\/bureau-comite-1024x733.jpg 1024w, http:\/\/www.semlh-morbihan.fr\/wordpress\/wp-content\/uploads\/2025\/01\/bureau-comite-768x550.jpg 768w, http:\/\/www.semlh-morbihan.fr\/wordpress\/wp-content\/uploads\/2025\/01\/bureau-comite-1218x872.jpg 1218w, http:\/\/www.semlh-morbihan.fr\/wordpress\/wp-content\/uploads\/2025\/01\/bureau-comite.jpg 1279w\" sizes=\"auto, (max-width: 600px) 100vw, 600px\" \/><figcaption id=\"caption-attachment-9889\" class=\"wp-caption-text\">Le nouveau bureau du comit\u00e9 du pays de Vannes se compose de :<br \/>pr\u00e9sidente, Anne-Marie Duro, vice-Pr\u00e9sidente, L. Beaugrand, secr\u00e9taire, R. Mergel, tr\u00e9sorier, Eric Houy, Porte-drapeau, JP. Tessier &#8211; membres : M. Decorutis, B. Bodard, J. Colson, JC. Pour\u00e9, JP. Hareau, Y. Bitsch, M. Mehault, J. R\u00e9mi.<\/figcaption><\/figure>\n","protected":false},"excerpt":{"rendered":"<p>Lors de la derni\u00e8re assembl\u00e9e du comit\u00e9 du pays de Vannes, M; Bruno Bodard passe le relais \u00e0 la nouvelle pr\u00e9sidente, Mme Anne-Marie Duro &nbsp;&#8230;<\/p>\n","protected":false},"author":329,"featured_media":9887,"comment_status":"closed","ping_status":"open","sticky":false,"template":"","format":"standard","meta":{"footnotes":""},"categories":[350,346],"tags":[623],"class_list":["post-9886","post","type-post","status-publish","format-standard","has-post-thumbnail","hentry","category-actualites-comite-du-pays-de-vannes","category-comite-du-pays-de-vannes","tag-comite-du-pays-de-vannes","wpcat-350-id","wpcat-346-id"],"_links":{"self":[{"href":"http:\/\/www.semlh-morbihan.fr\/wordpress\/wp-json\/wp\/v2\/posts\/9886","targetHints":{"allow":["GET"]}}],"collection":[{"href":"http:\/\/www.semlh-morbihan.fr\/wordpress\/wp-json\/wp\/v2\/posts"}],"about":[{"href":"http:\/\/www.semlh-morbihan.fr\/wordpress\/wp-json\/wp\/v2\/types\/post"}],"author":[{"embeddable":true,"href":"http:\/\/www.semlh-morbihan.fr\/wordpress\/wp-json\/wp\/v2\/users\/329"}],"replies":[{"embeddable":true,"href":"http:\/\/www.semlh-morbihan.fr\/wordpress\/wp-json\/wp\/v2\/comments?post=9886"}],"version-history":[{"count":4,"href":"http:\/\/www.semlh-morbihan.fr\/wordpress\/wp-json\/wp\/v2\/posts\/9886\/revisions"}],"predecessor-version":[{"id":9920,"href":"http:\/\/www.semlh-morbihan.fr\/wordpress\/wp-json\/wp\/v2\/posts\/9886\/revisions\/9920"}],"wp:featuredmedia":[{"embeddable":true,"href":"http:\/\/www.semlh-morbihan.fr\/wordpress\/wp-json\/wp\/v2\/media\/9887"}],"wp:attachment":[{"href":"http:\/\/www.semlh-morbihan.fr\/wordpress\/wp-json\/wp\/v2\/media?parent=9886"}],"wp:term":[{"taxonomy":"category","embeddable":true,"href":"http:\/\/www.semlh-morbihan.fr\/wordpress\/wp-json\/wp\/v2\/categories?post=9886"},{"taxonomy":"post_tag","embeddable":true,"href":"http:\/\/www.semlh-morbihan.fr\/wordpress\/wp-json\/wp\/v2\/tags?post=9886"}],"curies":[{"name":"wp","href":"https:\/\/api.w.org\/{rel}","templated":true}]}}