{"id":9921,"date":"2025-03-15T16:14:19","date_gmt":"2025-03-15T15:14:19","guid":{"rendered":"http:\/\/www.semlh-morbihan.fr\/wordpress\/?p=9921"},"modified":"2025-03-15T16:23:30","modified_gmt":"2025-03-15T15:23:30","slug":"ceremonie-du-11-mars-2025-a-la-memoire-des-victimes-du-terrorisme","status":"publish","type":"post","link":"http:\/\/www.semlh-morbihan.fr\/wordpress\/2025\/03\/15\/ceremonie-du-11-mars-2025-a-la-memoire-des-victimes-du-terrorisme\/","title":{"rendered":"C\u00e9r\u00e9monie du 11 mars 2025 \u00e0 la m\u00e9moire des victimes du terrorisme"},"content":{"rendered":"<div dir=\"auto\" style=\"text-align: center;\"><span style=\"text-decoration: underline;\"><strong>C\u00e9r\u00e9monie du 11 mars 2025\u00a0 \u00e0 la m\u00e9moire des victimes du terrorisme.\u00a0<\/strong><\/span><\/div>\n<div dir=\"auto\"><\/div>\n<div dir=\"auto\" style=\"text-align: justify;\">Situ\u00e9e dans la cour d&rsquo;honneur de la Pr\u00e9fecture et pr\u00e9sid\u00e9e par le Directeur de Cabinet du Pr\u00e9fet du Morbihan, Mr Ronan Le Page, en pr\u00e9sence de repr\u00e9sentants du Pr\u00e9sident du Conseil D\u00e9partemental et de la Mairie de Vannes, cette c\u00e9r\u00e9monie a \u00e9t\u00e9 anim\u00e9e par les \u00e9l\u00e8ves du\u00a0 Coll\u00e8ge Saint-Exup\u00e9ry de Vannes (cf. article Ouest-France).<\/div>\n<div dir=\"auto\"><\/div>\n<div dir=\"auto\">Notre Soci\u00e9t\u00e9 de la L\u00e9gion d&rsquo;honneur du Morbihan \u00e9tait repr\u00e9sent\u00e9e par son Pr\u00e9sident, le G\u00e9n\u00e9ral (air-2s) Pr\u00e9vost, entour\u00e9 du G\u00e9n\u00e9ral(h) Decourtis, Pr\u00e9sident d&rsquo;honneur de la Section, de la Pr\u00e9sidente du Comit\u00e9 du Pays de Vannes, Mme Anne Marie Duro, du 1er VP de la Section et du Colonel\u00a0 Jacques Joly, ancien d\u00e9l\u00e9gu\u00e9 g\u00e9n\u00e9ral du Souvenir Fran\u00e7ais du Morbihan.<\/div>\n<div dir=\"auto\"><\/div>\n<div dir=\"auto\">Le 1er VP SMLH56<\/div>\n<div dir=\"auto\">Pascal Lecomte<\/div>\n<div dir=\"auto\"><\/div>\n<div dir=\"auto\">\n<figure id=\"attachment_9927\" aria-describedby=\"caption-attachment-9927\" style=\"width: 498px\" class=\"wp-caption aligncenter\"><img loading=\"lazy\" decoding=\"async\" class=\"size-medium wp-image-9927\" src=\"http:\/\/www.semlh-morbihan.fr\/wordpress\/wp-content\/uploads\/2025\/03\/1-498x600.jpg\" alt=\"\" width=\"498\" height=\"600\" srcset=\"http:\/\/www.semlh-morbihan.fr\/wordpress\/wp-content\/uploads\/2025\/03\/1-498x600.jpg 498w, http:\/\/www.semlh-morbihan.fr\/wordpress\/wp-content\/uploads\/2025\/03\/1.jpg 637w\" sizes=\"auto, (max-width: 498px) 100vw, 498px\" \/><figcaption id=\"caption-attachment-9927\" class=\"wp-caption-text\">de gauche \u00e0 droite, le g\u00e9n\u00e9ral(2s) Michel Decourtis, Mme Anne-Marie Duro, le directeur de cabinet du pr\u00e9fet, le g\u00e9n\u00e9ral(2s) Philippe Pr\u00e9vost et M. Pascal Lecomte, vice-pr\u00e9sident de section<\/figcaption><\/figure>\n<\/div>\n<p><img loading=\"lazy\" decoding=\"async\" class=\"aligncenter size-medium wp-image-9926\" src=\"http:\/\/www.semlh-morbihan.fr\/wordpress\/wp-content\/uploads\/2025\/03\/20250311_111145-600x277.jpg\" alt=\"\" width=\"600\" height=\"277\" srcset=\"http:\/\/www.semlh-morbihan.fr\/wordpress\/wp-content\/uploads\/2025\/03\/20250311_111145-600x277.jpg 600w, http:\/\/www.semlh-morbihan.fr\/wordpress\/wp-content\/uploads\/2025\/03\/20250311_111145-1024x473.jpg 1024w, http:\/\/www.semlh-morbihan.fr\/wordpress\/wp-content\/uploads\/2025\/03\/20250311_111145-768x355.jpg 768w, http:\/\/www.semlh-morbihan.fr\/wordpress\/wp-content\/uploads\/2025\/03\/20250311_111145-1536x710.jpg 1536w, http:\/\/www.semlh-morbihan.fr\/wordpress\/wp-content\/uploads\/2025\/03\/20250311_111145-2048x947.jpg 2048w, http:\/\/www.semlh-morbihan.fr\/wordpress\/wp-content\/uploads\/2025\/03\/20250311_111145-1218x563.jpg 1218w\" sizes=\"auto, (max-width: 600px) 100vw, 600px\" \/><\/p>\n<p>&nbsp;<\/p>\n<figure id=\"attachment_9925\" aria-describedby=\"caption-attachment-9925\" style=\"width: 600px\" class=\"wp-caption aligncenter\"><img loading=\"lazy\" decoding=\"async\" class=\"wp-image-9925 size-medium\" src=\"http:\/\/www.semlh-morbihan.fr\/wordpress\/wp-content\/uploads\/2025\/03\/20250311_111141-600x230.jpg\" alt=\"\" width=\"600\" height=\"230\" srcset=\"http:\/\/www.semlh-morbihan.fr\/wordpress\/wp-content\/uploads\/2025\/03\/20250311_111141-600x230.jpg 600w, http:\/\/www.semlh-morbihan.fr\/wordpress\/wp-content\/uploads\/2025\/03\/20250311_111141-1024x392.jpg 1024w, http:\/\/www.semlh-morbihan.fr\/wordpress\/wp-content\/uploads\/2025\/03\/20250311_111141-768x294.jpg 768w, http:\/\/www.semlh-morbihan.fr\/wordpress\/wp-content\/uploads\/2025\/03\/20250311_111141-1536x588.jpg 1536w, http:\/\/www.semlh-morbihan.fr\/wordpress\/wp-content\/uploads\/2025\/03\/20250311_111141-2048x784.jpg 2048w, http:\/\/www.semlh-morbihan.fr\/wordpress\/wp-content\/uploads\/2025\/03\/20250311_111141-1218x466.jpg 1218w\" sizes=\"auto, (max-width: 600px) 100vw, 600px\" \/><figcaption id=\"caption-attachment-9925\" class=\"wp-caption-text\">Des jeunes du coll\u00e8ge Antoine de Saint Exup\u00e9ry ont anim\u00e9 en chant, musique et lecture de po\u00e8mes la c\u00e9r\u00e9monie d&rsquo;hommage aux victimes du terrorisme.<\/figcaption><\/figure>\n<p>&nbsp;<\/p>\n<p><img loading=\"lazy\" decoding=\"async\" class=\"aligncenter size-medium wp-image-9924\" src=\"http:\/\/www.semlh-morbihan.fr\/wordpress\/wp-content\/uploads\/2025\/03\/20250311_105431-600x360.jpg\" alt=\"\" width=\"600\" height=\"360\" \/><\/p>\n<p>&nbsp;<\/p>\n<figure id=\"attachment_9923\" aria-describedby=\"caption-attachment-9923\" style=\"width: 600px\" class=\"wp-caption aligncenter\"><img loading=\"lazy\" decoding=\"async\" class=\"size-medium wp-image-9923\" src=\"http:\/\/www.semlh-morbihan.fr\/wordpress\/wp-content\/uploads\/2025\/03\/IMG_7418-600x417.jpg\" alt=\"\" width=\"600\" height=\"417\" srcset=\"http:\/\/www.semlh-morbihan.fr\/wordpress\/wp-content\/uploads\/2025\/03\/IMG_7418-600x417.jpg 600w, http:\/\/www.semlh-morbihan.fr\/wordpress\/wp-content\/uploads\/2025\/03\/IMG_7418-768x533.jpg 768w, http:\/\/www.semlh-morbihan.fr\/wordpress\/wp-content\/uploads\/2025\/03\/IMG_7418.jpg 1024w\" sizes=\"auto, (max-width: 600px) 100vw, 600px\" \/><figcaption id=\"caption-attachment-9923\" class=\"wp-caption-text\">de gauche \u00e0 droite, le g\u00e9n\u00e9ral(2s) Michel Decourtis, Mme Duro, le g\u00e9n\u00e9ral(2s) Philippe Pr\u00e9vost, M. Pascal Lecomte, vice-pr\u00e9sident de section, La pr\u00e9sidente du souvenir fran\u00e7ais de Vannes et le colonel (er) Jacques Joly<\/figcaption><\/figure>\n<p>&nbsp;<\/p>\n<p style=\"text-align: center;\"><span style=\"text-decoration: underline;\"><strong>article du T\u00e9l\u00e9gramme<\/strong><\/span><\/p>\n<p><img loading=\"lazy\" decoding=\"async\" class=\"aligncenter size-medium wp-image-9930\" src=\"http:\/\/www.semlh-morbihan.fr\/wordpress\/wp-content\/uploads\/2025\/03\/victime_du_terorisme-600x403.jpg\" alt=\"\" width=\"600\" height=\"403\" srcset=\"http:\/\/www.semlh-morbihan.fr\/wordpress\/wp-content\/uploads\/2025\/03\/victime_du_terorisme-600x403.jpg 600w, http:\/\/www.semlh-morbihan.fr\/wordpress\/wp-content\/uploads\/2025\/03\/victime_du_terorisme-768x516.jpg 768w, http:\/\/www.semlh-morbihan.fr\/wordpress\/wp-content\/uploads\/2025\/03\/victime_du_terorisme.jpg 958w\" sizes=\"auto, (max-width: 600px) 100vw, 600px\" \/><\/p>\n<div class=\"tlg-layout-block tlg-margin-bottom tlg-detail-article--content\">\n<p style=\"text-align: justify;\">Dans le cadre de la Journ\u00e9e nationale d\u2019hommage aux victimes du terrorisme du 11 mars, la pr\u00e9fecture du Morbihan a accueilli la c\u00e9r\u00e9monie ce mardi 11 mars \u00e0 11\u00a0h sur la place du G\u00e9n\u00e9ral de Gaulle, \u00e0 Vannes, orchestr\u00e9e par l\u2019Office national des anciens combattants et victimes de guerre (ONAC-VG) et sa directrice Anne Geslin. Le sous-pr\u00e9fet a appr\u00e9ci\u00e9 la participation d\u2019une cinquantaine de jeunes de Classes \u00e0 horaires am\u00e9nag\u00e9s musique (Cham) du coll\u00e8ge Antoine de Saint-Exup\u00e9ry, r\u00e9partis en chorale, en orchestre et en lectures.<\/p>\n<\/div>\n<div class=\"tlg-layout-block tlg-margin-bottom\" style=\"text-align: justify;\"><\/div>\n<div class=\"tlg-layout-block tlg-margin-bottom tlg-detail-article--content\">\n<p style=\"text-align: justify;\">\u00ab\u00a0C\u2019est toujours une bonne chose de voir les g\u00e9n\u00e9rations se m\u00e9langer, la transmission est ce qui fait vivre la m\u00e9moire des victimes du terrorisme\u00a0\u00bb, a soulign\u00e9 Ronan Le Page, pendant que le pr\u00e9sident de la R\u00e9publique, Emmanuel Macron, \u00e9tait \u00e0 Strasbourg.<\/p>\n<p style=\"text-align: justify;\">Et Ad\u00e8le, coll\u00e9gienne de quatri\u00e8me en th\u00e9\u00e2tre, lui a fait \u00e9cho apr\u00e8s la lecture du po\u00e8me \u00ab\u00a0Libert\u00e9\u00a0\u00bb de Paul Eluard, choisi avec \u00ab\u00a0J\u2019atteste contre la barbarie\u00a0\u00bb d\u2019Abdellatif La\u00e2bi. \u00ab\u00a0\u00c7a me rend triste de savoir que des gens ont \u00e9t\u00e9 victimes de terrorisme, mais je suis aussi contente de voir que des gens sont venus \u00e0 cette c\u00e9r\u00e9monie pour les honorer\u00a0!\u00a0\u00bb<\/p>\n<p>&nbsp;<\/p>\n<\/div>\n","protected":false},"excerpt":{"rendered":"<p>C\u00e9r\u00e9monie du 11 mars 2025\u00a0 \u00e0 la m\u00e9moire des victimes du terrorisme.\u00a0 Situ\u00e9e dans la cour d&rsquo;honneur de la Pr\u00e9fecture et pr\u00e9sid\u00e9e par le Directeur&#8230;<\/p>\n","protected":false},"author":329,"featured_media":9924,"comment_status":"closed","ping_status":"open","sticky":false,"template":"","format":"standard","meta":{"footnotes":""},"categories":[417,337],"tags":[607],"class_list":["post-9921","post","type-post","status-publish","format-standard","has-post-thumbnail","hentry","category-ceremonies-patriotiques","category-la-section","tag-section-smlh-du-morbihan","wpcat-417-id","wpcat-337-id"],"_links":{"self":[{"href":"http:\/\/www.semlh-morbihan.fr\/wordpress\/wp-json\/wp\/v2\/posts\/9921","targetHints":{"allow":["GET"]}}],"collection":[{"href":"http:\/\/www.semlh-morbihan.fr\/wordpress\/wp-json\/wp\/v2\/posts"}],"about":[{"href":"http:\/\/www.semlh-morbihan.fr\/wordpress\/wp-json\/wp\/v2\/types\/post"}],"author":[{"embeddable":true,"href":"http:\/\/www.semlh-morbihan.fr\/wordpress\/wp-json\/wp\/v2\/users\/329"}],"replies":[{"embeddable":true,"href":"http:\/\/www.semlh-morbihan.fr\/wordpress\/wp-json\/wp\/v2\/comments?post=9921"}],"version-history":[{"count":5,"href":"http:\/\/www.semlh-morbihan.fr\/wordpress\/wp-json\/wp\/v2\/posts\/9921\/revisions"}],"predecessor-version":[{"id":9932,"href":"http:\/\/www.semlh-morbihan.fr\/wordpress\/wp-json\/wp\/v2\/posts\/9921\/revisions\/9932"}],"wp:featuredmedia":[{"embeddable":true,"href":"http:\/\/www.semlh-morbihan.fr\/wordpress\/wp-json\/wp\/v2\/media\/9924"}],"wp:attachment":[{"href":"http:\/\/www.semlh-morbihan.fr\/wordpress\/wp-json\/wp\/v2\/media?parent=9921"}],"wp:term":[{"taxonomy":"category","embeddable":true,"href":"http:\/\/www.semlh-morbihan.fr\/wordpress\/wp-json\/wp\/v2\/categories?post=9921"},{"taxonomy":"post_tag","embeddable":true,"href":"http:\/\/www.semlh-morbihan.fr\/wordpress\/wp-json\/wp\/v2\/tags?post=9921"}],"curies":[{"name":"wp","href":"https:\/\/api.w.org\/{rel}","templated":true}]}}